{"id":7770,"date":"2019-12-30T15:53:04","date_gmt":"2019-12-30T14:53:04","guid":{"rendered":"http:\/\/www.abarzuza.es\/?p=7770"},"modified":"2020-01-03T13:10:14","modified_gmt":"2020-01-03T12:10:14","slug":"whatsapp-del-ayuntamiento","status":"publish","type":"post","link":"https:\/\/www.abarzuza.es\/eu\/whatsapp-del-ayuntamiento\/","title":{"rendered":"Udalaren Whatsapp taldea"},"content":{"rendered":"<p>WhatsApp-en bidez, Udalak\u00a0 bizilagunekin\u00a0 hainbat informazio helarazteko zerbitzu berria\u00a0 sortu du.<\/p>\n<p>WhatsApp talde honetan bakarrik kudeatzailea (Abartzuzako Udala)\u00a0 ikus dezakezu, gainerako taldekideak izkutatuta egongo dira.<\/p>\n<p>Parte hartzea oso erraza da:<\/p>\n<ol>\n<li>Alta emateko hiru aukera dituzu: Interneten bidez, Udalako bulegoetan edo WhatsApp-en bidez.<\/li>\n<li><strong>GARRANTZITSUA: Gorde zure mugikorrean honako telefonoa (Udaletxekoa)\u00a0<\/strong><strong>: 699732046<\/strong><\/li>\n<li>Aurreko telefonoa ez da Udalarekin hitz egiteko, bakarrik WhatsApp erabiltzeko da. Udalarekin zuzenean hitegiteko betiko telefonoa reabili beharko duzu: 948 520006<\/li>\n<\/ol>\n<p>Hemendik aurrera prest duzu aipaturiko informazio zerbitzu berria.<\/p>\n<p>\n<div class=\"wpcf7 no-js\" id=\"wpcf7-f7769-o2\" lang=\"es-ES\" dir=\"ltr\" data-wpcf7-id=\"7769\">\n<div class=\"screen-reader-response\"><p role=\"status\" aria-live=\"polite\" aria-atomic=\"true\"><\/p> <ul><\/ul><\/div>\n<form action=\"\/eu\/wp-json\/wp\/v2\/posts\/7770#wpcf7-f7769-o2\" method=\"post\" class=\"wpcf7-form init\" aria-label=\"Contact form\" novalidate=\"novalidate\" data-status=\"init\">\n<fieldset class=\"hidden-fields-container\"><input type=\"hidden\" name=\"_wpcf7\" value=\"7769\" \/><input type=\"hidden\" name=\"_wpcf7_version\" value=\"6.1.4\" \/><input type=\"hidden\" name=\"_wpcf7_locale\" value=\"es_ES\" \/><input type=\"hidden\" name=\"_wpcf7_unit_tag\" value=\"wpcf7-f7769-o2\" \/><input type=\"hidden\" name=\"_wpcf7_container_post\" value=\"0\" \/><input type=\"hidden\" name=\"_wpcf7_posted_data_hash\" value=\"\" \/><input type=\"hidden\" name=\"_wpcf7_recaptcha_response\" value=\"\" \/>\n<\/fieldset>\n<p><label>Rellena todos los datos requeridos y haz clic en Enviar-Datu guztiak bete eta ez ahaztu \"enviar\" botoia klikatzea.<\/label>\n<\/p>\n<p><label> Nombre-Izena: (requerido)<span class=\"wpcf7-form-control-wrap\" data-name=\"your-name\"><input size=\"40\" maxlength=\"400\" class=\"wpcf7-form-control wpcf7-text wpcf7-validates-as-required\" aria-required=\"true\" aria-invalid=\"false\" value=\"\" type=\"text\" name=\"your-name\" \/><\/span> <\/label>\n<\/p>\n<p><label>Apellidos-Abizenak: (requerido)<span class=\"wpcf7-form-control-wrap\" data-name=\"text-734\"><input size=\"40\" maxlength=\"400\" class=\"wpcf7-form-control wpcf7-text wpcf7-validates-as-required\" aria-required=\"true\" aria-invalid=\"false\" value=\"\" type=\"text\" name=\"text-734\" \/><\/span><\/label>\n<\/p>\n<p><label>Telefono: (requerido)<span class=\"wpcf7-form-control-wrap\" data-name=\"tel-339\"><input size=\"40\" maxlength=\"400\" class=\"wpcf7-form-control wpcf7-tel wpcf7-validates-as-required wpcf7-text wpcf7-validates-as-tel\" aria-required=\"true\" aria-invalid=\"false\" value=\"\" type=\"tel\" name=\"tel-339\" \/><\/span><\/label>\n<\/p>\n<p><label>Acepto la pol\u00edtica de protecci\u00f3n de datos-Datuen erabilera onartzen dut<\/label><br \/>\n<label><br \/>\nLos datos personales de los usuarios de este servicio se registrar\u00e1n en un fichero responsabilidad del Ayuntamiento y se utilizar\u00e1n \u00fanicamente para la gesti\u00f3n de la lista de difusi\u00f3n. Al darse de alta mediante el formulario el titular de los datos presta el consentimiento para su tratamiento con los fines indicados. En cualquier momento podr\u00e1 solicitar la baja en el servicio indic\u00e1ndolo mediante mensaje de Whatsapp o llamada al n\u00famero de tel\u00e9fono de contacto del Ayuntamiento. Los titulares pueden ejercer el derecho de acceso a sus datos personales, de rectificaci\u00f3n si consideran que son incorrectos o de supresi\u00f3n cuando ya no sean necesarios. Tambi\u00e9n podr\u00e1n ejercer el derecho de limitaci\u00f3n del tratamiento en los supuestos legalmente previstos. Todo ello podr\u00e1n hacerlo dirigi\u00e9ndose al Ayuntamiento donde le ser\u00e1n facilitados los modelos para el ejercicio. As\u00ed mismo tienen derecho a presentar una reclamaci\u00f3n ante la Agencia Espa\u00f1ola de Protecci\u00f3n de Datos (agpd.es) si consideran que el tratamiento no se ajusta a la normativa vigente.<\/label>\n<\/p>\n<p><input class=\"wpcf7-form-control wpcf7-submit has-spinner\" type=\"submit\" value=\"Enviar\" \/>\n<\/p><div class=\"wpcf7-response-output\" aria-hidden=\"true\"><\/div>\n<\/form>\n<\/div>\n<\/p>","protected":false},"excerpt":{"rendered":"<p>WhatsApp-en bidez, Udalak\u00a0 bizilagunekin\u00a0 hainbat informazio helarazteko zerbitzu berria\u00a0 sortu du. WhatsApp talde honetan bakarrik kudeatzailea (Abartzuzako Udala)\u00a0 ikus dezakezu, gainerako taldekideak izkutatuta egongo dira. Parte hartzea oso erraza da: Alta emateko hiru aukera dituzu: Interneten bidez, Udalako bulegoetan edo&hellip; <\/p>\n","protected":false},"author":264,"featured_media":7776,"comment_status":"closed","ping_status":"closed","sticky":false,"template":"","format":"standard","meta":{"_monsterinsights_skip_tracking":false,"_monsterinsights_sitenote_active":false,"_monsterinsights_sitenote_note":"","_monsterinsights_sitenote_category":0,"footnotes":""},"categories":[5,2,1],"tags":[],"class_list":["post-7770","post","type-post","status-publish","format-standard","has-post-thumbnail","hentry","category-inicio","category-noticias","category-sin-categoria"],"yoast_head":"<!-- This site is optimized with the Yoast SEO plugin v26.8 - https:\/\/yoast.com\/product\/yoast-seo-wordpress\/ -->\r\n<title>Udalaren Whatsapp taldea - Abartzuzako Udala<\/title>\r\n<meta name=\"robots\" content=\"index, follow, max-snippet:-1, max-image-preview:large, max-video-preview:-1\" \/>\r\n<link rel=\"canonical\" href=\"https:\/\/www.abarzuza.es\/eu\/whatsapp-del-ayuntamiento\/\" \/>\r\n<meta property=\"og:locale\" content=\"eu_ES\" \/>\r\n<meta property=\"og:type\" content=\"article\" \/>\r\n<meta property=\"og:title\" content=\"Udalaren Whatsapp taldea - Abartzuzako Udala\" \/>\r\n<meta property=\"og:description\" content=\"WhatsApp-en bidez, Udalak\u00a0 bizilagunekin\u00a0 hainbat informazio helarazteko zerbitzu berria\u00a0 sortu du. WhatsApp talde honetan bakarrik kudeatzailea (Abartzuzako Udala)\u00a0 ikus dezakezu, gainerako taldekideak izkutatuta egongo dira. Parte hartzea oso erraza da: Alta emateko hiru aukera dituzu: Interneten bidez, Udalako bulegoetan edo&hellip;\" \/>\r\n<meta property=\"og:url\" content=\"https:\/\/www.abarzuza.es\/eu\/whatsapp-del-ayuntamiento\/\" \/>\r\n<meta property=\"og:site_name\" content=\"Abartzuzako Udala\" \/>\r\n<meta property=\"article:published_time\" content=\"2019-12-30T14:53:04+00:00\" \/>\r\n<meta property=\"article:modified_time\" content=\"2020-01-03T12:10:14+00:00\" \/>\r\n<meta property=\"og:image\" content=\"https:\/\/www.abarzuza.es\/wp-content\/uploads\/sites\/90\/2019\/12\/whatsapp.jpg\" \/>\r\n\t<meta property=\"og:image:width\" content=\"315\" \/>\r\n\t<meta property=\"og:image:height\" content=\"160\" \/>\r\n\t<meta property=\"og:image:type\" content=\"image\/jpeg\" \/>\r\n<meta name=\"author\" content=\"abarzuza1\" \/>\r\n<meta name=\"twitter:card\" content=\"summary_large_image\" \/>\r\n<meta name=\"twitter:label1\" content=\"Written by\" \/>\n\t<meta name=\"twitter:data1\" content=\"abarzuza1\" \/>\n\t<meta name=\"twitter:label2\" content=\"Est. reading time\" \/>\n\t<meta name=\"twitter:data2\" content=\"1 minute\" \/>\r\n<script type=\"application\/ld+json\" class=\"yoast-schema-graph\">{\"@context\":\"https:\/\/schema.org\",\"@graph\":[{\"@type\":\"Article\",\"@id\":\"https:\/\/www.abarzuza.es\/eu\/whatsapp-del-ayuntamiento\/#article\",\"isPartOf\":{\"@id\":\"https:\/\/www.abarzuza.es\/eu\/whatsapp-del-ayuntamiento\/\"},\"author\":{\"name\":\"abarzuza1\",\"@id\":\"https:\/\/www.abarzuza.es\/eu\/#\/schema\/person\/36add73091853cd06e4df1d796e2706f\"},\"headline\":\"Udalaren Whatsapp taldea\",\"datePublished\":\"2019-12-30T14:53:04+00:00\",\"dateModified\":\"2020-01-03T12:10:14+00:00\",\"mainEntityOfPage\":{\"@id\":\"https:\/\/www.abarzuza.es\/eu\/whatsapp-del-ayuntamiento\/\"},\"wordCount\":272,\"image\":{\"@id\":\"https:\/\/www.abarzuza.es\/eu\/whatsapp-del-ayuntamiento\/#primaryimage\"},\"thumbnailUrl\":\"https:\/\/www.abarzuza.es\/wp-content\/uploads\/sites\/90\/2019\/12\/whatsapp.jpg\",\"articleSection\":[\"Hasiera\",\"Albisteak\",\"Sin categor\u00eda\"],\"inLanguage\":\"eu-ES\"},{\"@type\":\"WebPage\",\"@id\":\"https:\/\/www.abarzuza.es\/eu\/whatsapp-del-ayuntamiento\/\",\"url\":\"https:\/\/www.abarzuza.es\/eu\/whatsapp-del-ayuntamiento\/\",\"name\":\"Udalaren Whatsapp taldea - Abartzuzako Udala\",\"isPartOf\":{\"@id\":\"https:\/\/www.abarzuza.es\/eu\/#website\"},\"primaryImageOfPage\":{\"@id\":\"https:\/\/www.abarzuza.es\/eu\/whatsapp-del-ayuntamiento\/#primaryimage\"},\"image\":{\"@id\":\"https:\/\/www.abarzuza.es\/eu\/whatsapp-del-ayuntamiento\/#primaryimage\"},\"thumbnailUrl\":\"https:\/\/www.abarzuza.es\/wp-content\/uploads\/sites\/90\/2019\/12\/whatsapp.jpg\",\"datePublished\":\"2019-12-30T14:53:04+00:00\",\"dateModified\":\"2020-01-03T12:10:14+00:00\",\"author\":{\"@id\":\"https:\/\/www.abarzuza.es\/eu\/#\/schema\/person\/36add73091853cd06e4df1d796e2706f\"},\"breadcrumb\":{\"@id\":\"https:\/\/www.abarzuza.es\/eu\/whatsapp-del-ayuntamiento\/#breadcrumb\"},\"inLanguage\":\"eu-ES\",\"potentialAction\":[{\"@type\":\"ReadAction\",\"target\":[[\"https:\/\/www.abarzuza.es\/eu\/whatsapp-del-ayuntamiento\/\"]]}]},{\"@type\":\"ImageObject\",\"inLanguage\":\"eu-ES\",\"@id\":\"https:\/\/www.abarzuza.es\/eu\/whatsapp-del-ayuntamiento\/#primaryimage\",\"url\":\"https:\/\/www.abarzuza.es\/wp-content\/uploads\/sites\/90\/2019\/12\/whatsapp.jpg\",\"contentUrl\":\"https:\/\/www.abarzuza.es\/wp-content\/uploads\/sites\/90\/2019\/12\/whatsapp.jpg\",\"width\":315,\"height\":160},{\"@type\":\"BreadcrumbList\",\"@id\":\"https:\/\/www.abarzuza.es\/eu\/whatsapp-del-ayuntamiento\/#breadcrumb\",\"itemListElement\":[{\"@type\":\"ListItem\",\"position\":1,\"name\":\"Portada\",\"item\":\"https:\/\/www.abarzuza.es\/eu\/\"},{\"@type\":\"ListItem\",\"position\":2,\"name\":\"Udalaren Whatsapp taldea\"}]},{\"@type\":\"WebSite\",\"@id\":\"https:\/\/www.abarzuza.es\/eu\/#website\",\"url\":\"https:\/\/www.abarzuza.es\/eu\/\",\"name\":\"Abartzuzako Udala\",\"description\":\"Abartzuzako Udala\",\"potentialAction\":[{\"@type\":\"SearchAction\",\"target\":{\"@type\":\"EntryPoint\",\"urlTemplate\":\"https:\/\/www.abarzuza.es\/eu\/?s={search_term_string}\"},\"query-input\":{\"@type\":\"PropertyValueSpecification\",\"valueRequired\":true,\"valueName\":\"search_term_string\"}}],\"inLanguage\":\"eu-ES\"},{\"@type\":\"Person\",\"@id\":\"https:\/\/www.abarzuza.es\/eu\/#\/schema\/person\/36add73091853cd06e4df1d796e2706f\",\"name\":\"abarzuza1\",\"image\":{\"@type\":\"ImageObject\",\"inLanguage\":\"eu-ES\",\"@id\":\"https:\/\/www.abarzuza.es\/eu\/#\/schema\/person\/image\/\",\"url\":\"https:\/\/secure.gravatar.com\/avatar\/a721eb0cc4bf8562172cf4b183376b4eab8cd3e83f29c02a47aa6a54d5d2926d?s=96&d=mm&r=g\",\"contentUrl\":\"https:\/\/secure.gravatar.com\/avatar\/a721eb0cc4bf8562172cf4b183376b4eab8cd3e83f29c02a47aa6a54d5d2926d?s=96&d=mm&r=g\",\"caption\":\"abarzuza1\"},\"url\":\"https:\/\/www.abarzuza.es\/eu\/author\/abarzuza1\/\"}]}<\/script>\r\n<!-- \/ Yoast SEO plugin. -->","yoast_head_json":{"title":"Udalaren Whatsapp taldea - Abartzuzako Udala","robots":{"index":"index","follow":"follow","max-snippet":"max-snippet:-1","max-image-preview":"max-image-preview:large","max-video-preview":"max-video-preview:-1"},"canonical":"https:\/\/www.abarzuza.es\/eu\/whatsapp-del-ayuntamiento\/","og_locale":"eu_ES","og_type":"article","og_title":"Udalaren Whatsapp taldea - Abartzuzako Udala","og_description":"WhatsApp-en bidez, Udalak\u00a0 bizilagunekin\u00a0 hainbat informazio helarazteko zerbitzu berria\u00a0 sortu du. WhatsApp talde honetan bakarrik kudeatzailea (Abartzuzako Udala)\u00a0 ikus dezakezu, gainerako taldekideak izkutatuta egongo dira. Parte hartzea oso erraza da: Alta emateko hiru aukera dituzu: Interneten bidez, Udalako bulegoetan edo&hellip;","og_url":"https:\/\/www.abarzuza.es\/eu\/whatsapp-del-ayuntamiento\/","og_site_name":"Abartzuzako Udala","article_published_time":"2019-12-30T14:53:04+00:00","article_modified_time":"2020-01-03T12:10:14+00:00","og_image":[{"width":315,"height":160,"url":"https:\/\/www.abarzuza.es\/wp-content\/uploads\/sites\/90\/2019\/12\/whatsapp.jpg","type":"image\/jpeg"}],"author":"abarzuza1","twitter_card":"summary_large_image","twitter_misc":{"Written by":"abarzuza1","Est. reading time":"1 minute"},"schema":{"@context":"https:\/\/schema.org","@graph":[{"@type":"Article","@id":"https:\/\/www.abarzuza.es\/eu\/whatsapp-del-ayuntamiento\/#article","isPartOf":{"@id":"https:\/\/www.abarzuza.es\/eu\/whatsapp-del-ayuntamiento\/"},"author":{"name":"abarzuza1","@id":"https:\/\/www.abarzuza.es\/eu\/#\/schema\/person\/36add73091853cd06e4df1d796e2706f"},"headline":"Udalaren Whatsapp taldea","datePublished":"2019-12-30T14:53:04+00:00","dateModified":"2020-01-03T12:10:14+00:00","mainEntityOfPage":{"@id":"https:\/\/www.abarzuza.es\/eu\/whatsapp-del-ayuntamiento\/"},"wordCount":272,"image":{"@id":"https:\/\/www.abarzuza.es\/eu\/whatsapp-del-ayuntamiento\/#primaryimage"},"thumbnailUrl":"https:\/\/www.abarzuza.es\/wp-content\/uploads\/sites\/90\/2019\/12\/whatsapp.jpg","articleSection":["Hasiera","Albisteak","Sin categor\u00eda"],"inLanguage":"eu-ES"},{"@type":"WebPage","@id":"https:\/\/www.abarzuza.es\/eu\/whatsapp-del-ayuntamiento\/","url":"https:\/\/www.abarzuza.es\/eu\/whatsapp-del-ayuntamiento\/","name":"Udalaren Whatsapp taldea - Abartzuzako Udala","isPartOf":{"@id":"https:\/\/www.abarzuza.es\/eu\/#website"},"primaryImageOfPage":{"@id":"https:\/\/www.abarzuza.es\/eu\/whatsapp-del-ayuntamiento\/#primaryimage"},"image":{"@id":"https:\/\/www.abarzuza.es\/eu\/whatsapp-del-ayuntamiento\/#primaryimage"},"thumbnailUrl":"https:\/\/www.abarzuza.es\/wp-content\/uploads\/sites\/90\/2019\/12\/whatsapp.jpg","datePublished":"2019-12-30T14:53:04+00:00","dateModified":"2020-01-03T12:10:14+00:00","author":{"@id":"https:\/\/www.abarzuza.es\/eu\/#\/schema\/person\/36add73091853cd06e4df1d796e2706f"},"breadcrumb":{"@id":"https:\/\/www.abarzuza.es\/eu\/whatsapp-del-ayuntamiento\/#breadcrumb"},"inLanguage":"eu-ES","potentialAction":[{"@type":"ReadAction","target":[["https:\/\/www.abarzuza.es\/eu\/whatsapp-del-ayuntamiento\/"]]}]},{"@type":"ImageObject","inLanguage":"eu-ES","@id":"https:\/\/www.abarzuza.es\/eu\/whatsapp-del-ayuntamiento\/#primaryimage","url":"https:\/\/www.abarzuza.es\/wp-content\/uploads\/sites\/90\/2019\/12\/whatsapp.jpg","contentUrl":"https:\/\/www.abarzuza.es\/wp-content\/uploads\/sites\/90\/2019\/12\/whatsapp.jpg","width":315,"height":160},{"@type":"BreadcrumbList","@id":"https:\/\/www.abarzuza.es\/eu\/whatsapp-del-ayuntamiento\/#breadcrumb","itemListElement":[{"@type":"ListItem","position":1,"name":"Portada","item":"https:\/\/www.abarzuza.es\/eu\/"},{"@type":"ListItem","position":2,"name":"Udalaren Whatsapp taldea"}]},{"@type":"WebSite","@id":"https:\/\/www.abarzuza.es\/eu\/#website","url":"https:\/\/www.abarzuza.es\/eu\/","name":"Abartzuzako Udala","description":"Abartzuzako Udala","potentialAction":[{"@type":"SearchAction","target":{"@type":"EntryPoint","urlTemplate":"https:\/\/www.abarzuza.es\/eu\/?s={search_term_string}"},"query-input":{"@type":"PropertyValueSpecification","valueRequired":true,"valueName":"search_term_string"}}],"inLanguage":"eu-ES"},{"@type":"Person","@id":"https:\/\/www.abarzuza.es\/eu\/#\/schema\/person\/36add73091853cd06e4df1d796e2706f","name":"abarzuza1","image":{"@type":"ImageObject","inLanguage":"eu-ES","@id":"https:\/\/www.abarzuza.es\/eu\/#\/schema\/person\/image\/","url":"https:\/\/secure.gravatar.com\/avatar\/a721eb0cc4bf8562172cf4b183376b4eab8cd3e83f29c02a47aa6a54d5d2926d?s=96&d=mm&r=g","contentUrl":"https:\/\/secure.gravatar.com\/avatar\/a721eb0cc4bf8562172cf4b183376b4eab8cd3e83f29c02a47aa6a54d5d2926d?s=96&d=mm&r=g","caption":"abarzuza1"},"url":"https:\/\/www.abarzuza.es\/eu\/author\/abarzuza1\/"}]}},"_links":{"self":[{"href":"https:\/\/www.abarzuza.es\/eu\/wp-json\/wp\/v2\/posts\/7770","targetHints":{"allow":["GET"]}}],"collection":[{"href":"https:\/\/www.abarzuza.es\/eu\/wp-json\/wp\/v2\/posts"}],"about":[{"href":"https:\/\/www.abarzuza.es\/eu\/wp-json\/wp\/v2\/types\/post"}],"author":[{"embeddable":true,"href":"https:\/\/www.abarzuza.es\/eu\/wp-json\/wp\/v2\/users\/264"}],"replies":[{"embeddable":true,"href":"https:\/\/www.abarzuza.es\/eu\/wp-json\/wp\/v2\/comments?post=7770"}],"version-history":[{"count":5,"href":"https:\/\/www.abarzuza.es\/eu\/wp-json\/wp\/v2\/posts\/7770\/revisions"}],"predecessor-version":[{"id":7800,"href":"https:\/\/www.abarzuza.es\/eu\/wp-json\/wp\/v2\/posts\/7770\/revisions\/7800"}],"wp:featuredmedia":[{"embeddable":true,"href":"https:\/\/www.abarzuza.es\/eu\/wp-json\/wp\/v2\/media\/7776"}],"wp:attachment":[{"href":"https:\/\/www.abarzuza.es\/eu\/wp-json\/wp\/v2\/media?parent=7770"}],"wp:term":[{"taxonomy":"category","embeddable":true,"href":"https:\/\/www.abarzuza.es\/eu\/wp-json\/wp\/v2\/categories?post=7770"},{"taxonomy":"post_tag","embeddable":true,"href":"https:\/\/www.abarzuza.es\/eu\/wp-json\/wp\/v2\/tags?post=7770"}],"curies":[{"name":"wp","href":"https:\/\/api.w.org\/{rel}","templated":true}]}}