{"id":9175,"date":"2022-06-14T23:00:48","date_gmt":"2022-06-14T21:00:48","guid":{"rendered":"http:\/\/www.abarzuza.es\/?p=9175"},"modified":"2022-06-16T23:29:01","modified_gmt":"2022-06-16T21:29:01","slug":"memoria-de-las-mujeres-programa-20-de-agosto","status":"publish","type":"post","link":"https:\/\/www.abarzuza.es\/eu\/memoria-de-las-mujeres-programa-20-de-agosto\/","title":{"rendered":"Emakumeen memoria. Abuztuaren 20ko egitaraua"},"content":{"rendered":"<p><a href=\"http:\/\/www.visitnavarra.es\" target=\"_blank\" rel=\"noopener\"><img loading=\"lazy\" decoding=\"async\" class=\"alignnone size-full wp-image-9181\" src=\"http:\/\/www.abarzuza.es\/wp-content\/uploads\/sites\/90\/2022\/06\/Bilingue-horizontal-colorweb.jpg\" alt=\"\" width=\"2692\" height=\"732\" \/><\/a><\/p>\n<p><b>Emakumeen Memoria. La Memoria de las mujeres. La Batalla de Ab\u00e1rzuza. 20 DE AGOSTO<\/b><\/p>\n<p>Se trata de una recreaci\u00f3n teatral,\u00a0 la cual pone en valor el papel de la mujer en el siglo XIX en los antiguos oficios as\u00ed como todos los\u00a0 aspectos etnogr\u00e1ficos y gastron\u00f3micos que acompa\u00f1aron a este siglo, a trav\u00e9s de una representaci\u00f3n teatral en uno de los escenarios mas singulares y atractivos que tenemos en Tierras de Iranzu en Ab\u00e1rzuza el recorrido\u00a0 &#8220;Emakumeen Memoria&#8221; un recorrido en el que est\u00e1n representados a\u00a0 trav\u00e9s de diversas estructuras carboneram calera, casita txerris, queseros, pastores, pachar\u00e1n etc todos los antiguos oficios desde la perspectiva de g\u00e9nero y como esos antiguos oficios hoy en d\u00eda son ecoexperiencias tambi\u00e9n gestionadas por mujeres, queser\u00edas, mieler\u00edas,\u00a0 elaboraci\u00f3n artesanal de pacharan, alojamientos rurales, adem\u00e1s de papel de la mujer en las contiendas carlistas, ya que en el trayecto se han puesto en valor varias trincheras de la batalla de Ab\u00e1rzuza. Se trata de una obra teatral dise\u00f1ada y magistralmente conducida por Laura la Iglesia y su grupo de teatro Butaca 78, adem\u00e1s de numerosas voluntarias de Ab\u00e1rzuza. Tambi\u00e9n contaremos con el grupo de teatro Imperial Service el cual recrear\u00e1 los hechos de la batalla de Ab\u00e1rzuza y recrear\u00e1 un hospital de campa\u00f1a gestionado por mujeres. Disfrutaremos de un taller de elaboraci\u00f3n de quesos y cata de quesos a cargo de Queser\u00eda Urrizaga y Susperregui de Ab\u00e1rzuza, adem\u00e1s contaremos con una cata de Pachar\u00e1n Azanza, a cargo de Licores Azanza y su gerente Teresa Arizaleta, taller de artesania Baku Barrikupel. Todo el evento est\u00e1 dise\u00f1ado bajo el prisma de la sostenibilidad e inclusividad.<\/p>\n<p>\u00a7\u00a0\u00a0<b>PROGRAMA<\/b><\/p>\n<p><b>SABADO \u00a020 DE AGOSTO. AB\u00c1RZUZA<\/b><br \/>\n<b>11:00H. RECREACI\u00d3N TEATRAL EMAKUMEEN MEMORIA. LA BATALLA DE ABARZUZA. Laura la Iglesia e Imperial Service<\/b><br \/>\n<b>13:00H. RECREACI\u00d3N HOSPITAL DE CAMPA\u00d1A<\/b><br \/>\n<b>13:00H. ACTIVIDAD \u201cALISTATE EN EL TERCIO DE LACAR Y HAZTE UNA FOTO<\/b><br \/>\n<b>13:30H TALLER DE ELABORACI\u00d3N DE QUESOS, EXHIBICI\u00d3N PASTOREO<\/b><br \/>\n<b>CATA DE PACHAR\u00c1N AZANZA, CATA DE QUESOS IDIAZABAL<\/b><\/p>\n<p><b>TALLER DE ARTESANIA BAKU BARRIKUPEL Y CATA DE VINOS BODEGA TANDEM, LEZAUN Y AROA, CATA DE ACEITES ECOL\u00d3GICOS BIOSASUN<\/b><br \/>\n<b>SUBVENCIONA GOBIERNO DE NAVARRA. NAFARROAKO GOBERNUA<\/b><\/p>\n","protected":false},"excerpt":{"rendered":"<p>Emakumeen Memoria. La Memoria de las mujeres. La Batalla de Ab\u00e1rzuza. 20 DE AGOSTO Se trata de una recreaci\u00f3n teatral,\u00a0 la cual pone en valor el papel de la mujer en el siglo XIX en los antiguos oficios as\u00ed como&hellip; <\/p>\n","protected":false},"author":264,"featured_media":9181,"comment_status":"closed","ping_status":"closed","sticky":false,"template":"","format":"standard","meta":{"_monsterinsights_skip_tracking":false,"_monsterinsights_sitenote_active":false,"_monsterinsights_sitenote_note":"","_monsterinsights_sitenote_category":0,"footnotes":""},"categories":[5,2],"tags":[],"class_list":["post-9175","post","type-post","status-publish","format-standard","has-post-thumbnail","hentry","category-inicio","category-noticias"],"yoast_head":"<!-- This site is optimized with the Yoast SEO plugin v26.8 - https:\/\/yoast.com\/product\/yoast-seo-wordpress\/ -->\r\n<title>Emakumeen memoria. Abuztuaren 20ko egitaraua - Abartzuzako Udala<\/title>\r\n<meta name=\"robots\" content=\"index, follow, max-snippet:-1, max-image-preview:large, max-video-preview:-1\" \/>\r\n<link rel=\"canonical\" href=\"https:\/\/www.abarzuza.es\/eu\/memoria-de-las-mujeres-programa-20-de-agosto\/\" \/>\r\n<meta property=\"og:locale\" content=\"eu_ES\" \/>\r\n<meta property=\"og:type\" content=\"article\" \/>\r\n<meta property=\"og:title\" content=\"Emakumeen memoria. Abuztuaren 20ko egitaraua - Abartzuzako Udala\" \/>\r\n<meta property=\"og:description\" content=\"Emakumeen Memoria. La Memoria de las mujeres. La Batalla de Ab\u00e1rzuza. 20 DE AGOSTO Se trata de una recreaci\u00f3n teatral,\u00a0 la cual pone en valor el papel de la mujer en el siglo XIX en los antiguos oficios as\u00ed como&hellip;\" \/>\r\n<meta property=\"og:url\" content=\"https:\/\/www.abarzuza.es\/eu\/memoria-de-las-mujeres-programa-20-de-agosto\/\" \/>\r\n<meta property=\"og:site_name\" content=\"Abartzuzako Udala\" \/>\r\n<meta property=\"article:published_time\" content=\"2022-06-14T21:00:48+00:00\" \/>\r\n<meta property=\"article:modified_time\" content=\"2022-06-16T21:29:01+00:00\" \/>\r\n<meta property=\"og:image\" content=\"https:\/\/www.abarzuza.es\/wp-content\/uploads\/sites\/90\/2022\/06\/Bilingue-horizontal-colorweb.jpg\" \/>\r\n\t<meta property=\"og:image:width\" content=\"2692\" \/>\r\n\t<meta property=\"og:image:height\" content=\"732\" \/>\r\n\t<meta property=\"og:image:type\" content=\"image\/jpeg\" \/>\r\n<meta name=\"author\" content=\"abarzuza1\" \/>\r\n<meta name=\"twitter:card\" content=\"summary_large_image\" \/>\r\n<meta name=\"twitter:label1\" content=\"Written by\" \/>\n\t<meta name=\"twitter:data1\" content=\"abarzuza1\" \/>\n\t<meta name=\"twitter:label2\" content=\"Est. reading time\" \/>\n\t<meta name=\"twitter:data2\" content=\"2 minutes\" \/>\r\n<script type=\"application\/ld+json\" class=\"yoast-schema-graph\">{\"@context\":\"https:\/\/schema.org\",\"@graph\":[{\"@type\":\"Article\",\"@id\":\"https:\/\/www.abarzuza.es\/eu\/memoria-de-las-mujeres-programa-20-de-agosto\/#article\",\"isPartOf\":{\"@id\":\"https:\/\/www.abarzuza.es\/eu\/memoria-de-las-mujeres-programa-20-de-agosto\/\"},\"author\":{\"name\":\"abarzuza1\",\"@id\":\"https:\/\/www.abarzuza.es\/eu\/#\/schema\/person\/36add73091853cd06e4df1d796e2706f\"},\"headline\":\"Emakumeen memoria. Abuztuaren 20ko egitaraua\",\"datePublished\":\"2022-06-14T21:00:48+00:00\",\"dateModified\":\"2022-06-16T21:29:01+00:00\",\"mainEntityOfPage\":{\"@id\":\"https:\/\/www.abarzuza.es\/eu\/memoria-de-las-mujeres-programa-20-de-agosto\/\"},\"wordCount\":397,\"image\":{\"@id\":\"https:\/\/www.abarzuza.es\/eu\/memoria-de-las-mujeres-programa-20-de-agosto\/#primaryimage\"},\"thumbnailUrl\":\"https:\/\/www.abarzuza.es\/wp-content\/uploads\/sites\/90\/2022\/06\/Bilingue-horizontal-colorweb.jpg\",\"articleSection\":[\"Hasiera\",\"Albisteak\"],\"inLanguage\":\"eu-ES\"},{\"@type\":\"WebPage\",\"@id\":\"https:\/\/www.abarzuza.es\/eu\/memoria-de-las-mujeres-programa-20-de-agosto\/\",\"url\":\"https:\/\/www.abarzuza.es\/eu\/memoria-de-las-mujeres-programa-20-de-agosto\/\",\"name\":\"Emakumeen memoria. Abuztuaren 20ko egitaraua - Abartzuzako Udala\",\"isPartOf\":{\"@id\":\"https:\/\/www.abarzuza.es\/eu\/#website\"},\"primaryImageOfPage\":{\"@id\":\"https:\/\/www.abarzuza.es\/eu\/memoria-de-las-mujeres-programa-20-de-agosto\/#primaryimage\"},\"image\":{\"@id\":\"https:\/\/www.abarzuza.es\/eu\/memoria-de-las-mujeres-programa-20-de-agosto\/#primaryimage\"},\"thumbnailUrl\":\"https:\/\/www.abarzuza.es\/wp-content\/uploads\/sites\/90\/2022\/06\/Bilingue-horizontal-colorweb.jpg\",\"datePublished\":\"2022-06-14T21:00:48+00:00\",\"dateModified\":\"2022-06-16T21:29:01+00:00\",\"author\":{\"@id\":\"https:\/\/www.abarzuza.es\/eu\/#\/schema\/person\/36add73091853cd06e4df1d796e2706f\"},\"breadcrumb\":{\"@id\":\"https:\/\/www.abarzuza.es\/eu\/memoria-de-las-mujeres-programa-20-de-agosto\/#breadcrumb\"},\"inLanguage\":\"eu-ES\",\"potentialAction\":[{\"@type\":\"ReadAction\",\"target\":[[\"https:\/\/www.abarzuza.es\/eu\/memoria-de-las-mujeres-programa-20-de-agosto\/\"]]}]},{\"@type\":\"ImageObject\",\"inLanguage\":\"eu-ES\",\"@id\":\"https:\/\/www.abarzuza.es\/eu\/memoria-de-las-mujeres-programa-20-de-agosto\/#primaryimage\",\"url\":\"https:\/\/www.abarzuza.es\/wp-content\/uploads\/sites\/90\/2022\/06\/Bilingue-horizontal-colorweb.jpg\",\"contentUrl\":\"https:\/\/www.abarzuza.es\/wp-content\/uploads\/sites\/90\/2022\/06\/Bilingue-horizontal-colorweb.jpg\",\"width\":2692,\"height\":732},{\"@type\":\"BreadcrumbList\",\"@id\":\"https:\/\/www.abarzuza.es\/eu\/memoria-de-las-mujeres-programa-20-de-agosto\/#breadcrumb\",\"itemListElement\":[{\"@type\":\"ListItem\",\"position\":1,\"name\":\"Portada\",\"item\":\"https:\/\/www.abarzuza.es\/eu\/\"},{\"@type\":\"ListItem\",\"position\":2,\"name\":\"Emakumeen memoria. Abuztuaren 20ko egitaraua\"}]},{\"@type\":\"WebSite\",\"@id\":\"https:\/\/www.abarzuza.es\/eu\/#website\",\"url\":\"https:\/\/www.abarzuza.es\/eu\/\",\"name\":\"Abartzuzako Udala\",\"description\":\"Abartzuzako Udala\",\"potentialAction\":[{\"@type\":\"SearchAction\",\"target\":{\"@type\":\"EntryPoint\",\"urlTemplate\":\"https:\/\/www.abarzuza.es\/eu\/?s={search_term_string}\"},\"query-input\":{\"@type\":\"PropertyValueSpecification\",\"valueRequired\":true,\"valueName\":\"search_term_string\"}}],\"inLanguage\":\"eu-ES\"},{\"@type\":\"Person\",\"@id\":\"https:\/\/www.abarzuza.es\/eu\/#\/schema\/person\/36add73091853cd06e4df1d796e2706f\",\"name\":\"abarzuza1\",\"image\":{\"@type\":\"ImageObject\",\"inLanguage\":\"eu-ES\",\"@id\":\"https:\/\/www.abarzuza.es\/eu\/#\/schema\/person\/image\/\",\"url\":\"https:\/\/secure.gravatar.com\/avatar\/a721eb0cc4bf8562172cf4b183376b4eab8cd3e83f29c02a47aa6a54d5d2926d?s=96&d=mm&r=g\",\"contentUrl\":\"https:\/\/secure.gravatar.com\/avatar\/a721eb0cc4bf8562172cf4b183376b4eab8cd3e83f29c02a47aa6a54d5d2926d?s=96&d=mm&r=g\",\"caption\":\"abarzuza1\"},\"url\":\"https:\/\/www.abarzuza.es\/eu\/author\/abarzuza1\/\"}]}<\/script>\r\n<!-- \/ Yoast SEO plugin. -->","yoast_head_json":{"title":"Emakumeen memoria. Abuztuaren 20ko egitaraua - Abartzuzako Udala","robots":{"index":"index","follow":"follow","max-snippet":"max-snippet:-1","max-image-preview":"max-image-preview:large","max-video-preview":"max-video-preview:-1"},"canonical":"https:\/\/www.abarzuza.es\/eu\/memoria-de-las-mujeres-programa-20-de-agosto\/","og_locale":"eu_ES","og_type":"article","og_title":"Emakumeen memoria. Abuztuaren 20ko egitaraua - Abartzuzako Udala","og_description":"Emakumeen Memoria. La Memoria de las mujeres. La Batalla de Ab\u00e1rzuza. 20 DE AGOSTO Se trata de una recreaci\u00f3n teatral,\u00a0 la cual pone en valor el papel de la mujer en el siglo XIX en los antiguos oficios as\u00ed como&hellip;","og_url":"https:\/\/www.abarzuza.es\/eu\/memoria-de-las-mujeres-programa-20-de-agosto\/","og_site_name":"Abartzuzako Udala","article_published_time":"2022-06-14T21:00:48+00:00","article_modified_time":"2022-06-16T21:29:01+00:00","og_image":[{"width":2692,"height":732,"url":"https:\/\/www.abarzuza.es\/wp-content\/uploads\/sites\/90\/2022\/06\/Bilingue-horizontal-colorweb.jpg","type":"image\/jpeg"}],"author":"abarzuza1","twitter_card":"summary_large_image","twitter_misc":{"Written by":"abarzuza1","Est. reading time":"2 minutes"},"schema":{"@context":"https:\/\/schema.org","@graph":[{"@type":"Article","@id":"https:\/\/www.abarzuza.es\/eu\/memoria-de-las-mujeres-programa-20-de-agosto\/#article","isPartOf":{"@id":"https:\/\/www.abarzuza.es\/eu\/memoria-de-las-mujeres-programa-20-de-agosto\/"},"author":{"name":"abarzuza1","@id":"https:\/\/www.abarzuza.es\/eu\/#\/schema\/person\/36add73091853cd06e4df1d796e2706f"},"headline":"Emakumeen memoria. Abuztuaren 20ko egitaraua","datePublished":"2022-06-14T21:00:48+00:00","dateModified":"2022-06-16T21:29:01+00:00","mainEntityOfPage":{"@id":"https:\/\/www.abarzuza.es\/eu\/memoria-de-las-mujeres-programa-20-de-agosto\/"},"wordCount":397,"image":{"@id":"https:\/\/www.abarzuza.es\/eu\/memoria-de-las-mujeres-programa-20-de-agosto\/#primaryimage"},"thumbnailUrl":"https:\/\/www.abarzuza.es\/wp-content\/uploads\/sites\/90\/2022\/06\/Bilingue-horizontal-colorweb.jpg","articleSection":["Hasiera","Albisteak"],"inLanguage":"eu-ES"},{"@type":"WebPage","@id":"https:\/\/www.abarzuza.es\/eu\/memoria-de-las-mujeres-programa-20-de-agosto\/","url":"https:\/\/www.abarzuza.es\/eu\/memoria-de-las-mujeres-programa-20-de-agosto\/","name":"Emakumeen memoria. Abuztuaren 20ko egitaraua - Abartzuzako Udala","isPartOf":{"@id":"https:\/\/www.abarzuza.es\/eu\/#website"},"primaryImageOfPage":{"@id":"https:\/\/www.abarzuza.es\/eu\/memoria-de-las-mujeres-programa-20-de-agosto\/#primaryimage"},"image":{"@id":"https:\/\/www.abarzuza.es\/eu\/memoria-de-las-mujeres-programa-20-de-agosto\/#primaryimage"},"thumbnailUrl":"https:\/\/www.abarzuza.es\/wp-content\/uploads\/sites\/90\/2022\/06\/Bilingue-horizontal-colorweb.jpg","datePublished":"2022-06-14T21:00:48+00:00","dateModified":"2022-06-16T21:29:01+00:00","author":{"@id":"https:\/\/www.abarzuza.es\/eu\/#\/schema\/person\/36add73091853cd06e4df1d796e2706f"},"breadcrumb":{"@id":"https:\/\/www.abarzuza.es\/eu\/memoria-de-las-mujeres-programa-20-de-agosto\/#breadcrumb"},"inLanguage":"eu-ES","potentialAction":[{"@type":"ReadAction","target":[["https:\/\/www.abarzuza.es\/eu\/memoria-de-las-mujeres-programa-20-de-agosto\/"]]}]},{"@type":"ImageObject","inLanguage":"eu-ES","@id":"https:\/\/www.abarzuza.es\/eu\/memoria-de-las-mujeres-programa-20-de-agosto\/#primaryimage","url":"https:\/\/www.abarzuza.es\/wp-content\/uploads\/sites\/90\/2022\/06\/Bilingue-horizontal-colorweb.jpg","contentUrl":"https:\/\/www.abarzuza.es\/wp-content\/uploads\/sites\/90\/2022\/06\/Bilingue-horizontal-colorweb.jpg","width":2692,"height":732},{"@type":"BreadcrumbList","@id":"https:\/\/www.abarzuza.es\/eu\/memoria-de-las-mujeres-programa-20-de-agosto\/#breadcrumb","itemListElement":[{"@type":"ListItem","position":1,"name":"Portada","item":"https:\/\/www.abarzuza.es\/eu\/"},{"@type":"ListItem","position":2,"name":"Emakumeen memoria. Abuztuaren 20ko egitaraua"}]},{"@type":"WebSite","@id":"https:\/\/www.abarzuza.es\/eu\/#website","url":"https:\/\/www.abarzuza.es\/eu\/","name":"Abartzuzako Udala","description":"Abartzuzako Udala","potentialAction":[{"@type":"SearchAction","target":{"@type":"EntryPoint","urlTemplate":"https:\/\/www.abarzuza.es\/eu\/?s={search_term_string}"},"query-input":{"@type":"PropertyValueSpecification","valueRequired":true,"valueName":"search_term_string"}}],"inLanguage":"eu-ES"},{"@type":"Person","@id":"https:\/\/www.abarzuza.es\/eu\/#\/schema\/person\/36add73091853cd06e4df1d796e2706f","name":"abarzuza1","image":{"@type":"ImageObject","inLanguage":"eu-ES","@id":"https:\/\/www.abarzuza.es\/eu\/#\/schema\/person\/image\/","url":"https:\/\/secure.gravatar.com\/avatar\/a721eb0cc4bf8562172cf4b183376b4eab8cd3e83f29c02a47aa6a54d5d2926d?s=96&d=mm&r=g","contentUrl":"https:\/\/secure.gravatar.com\/avatar\/a721eb0cc4bf8562172cf4b183376b4eab8cd3e83f29c02a47aa6a54d5d2926d?s=96&d=mm&r=g","caption":"abarzuza1"},"url":"https:\/\/www.abarzuza.es\/eu\/author\/abarzuza1\/"}]}},"_links":{"self":[{"href":"https:\/\/www.abarzuza.es\/eu\/wp-json\/wp\/v2\/posts\/9175","targetHints":{"allow":["GET"]}}],"collection":[{"href":"https:\/\/www.abarzuza.es\/eu\/wp-json\/wp\/v2\/posts"}],"about":[{"href":"https:\/\/www.abarzuza.es\/eu\/wp-json\/wp\/v2\/types\/post"}],"author":[{"embeddable":true,"href":"https:\/\/www.abarzuza.es\/eu\/wp-json\/wp\/v2\/users\/264"}],"replies":[{"embeddable":true,"href":"https:\/\/www.abarzuza.es\/eu\/wp-json\/wp\/v2\/comments?post=9175"}],"version-history":[{"count":6,"href":"https:\/\/www.abarzuza.es\/eu\/wp-json\/wp\/v2\/posts\/9175\/revisions"}],"predecessor-version":[{"id":9185,"href":"https:\/\/www.abarzuza.es\/eu\/wp-json\/wp\/v2\/posts\/9175\/revisions\/9185"}],"wp:featuredmedia":[{"embeddable":true,"href":"https:\/\/www.abarzuza.es\/eu\/wp-json\/wp\/v2\/media\/9181"}],"wp:attachment":[{"href":"https:\/\/www.abarzuza.es\/eu\/wp-json\/wp\/v2\/media?parent=9175"}],"wp:term":[{"taxonomy":"category","embeddable":true,"href":"https:\/\/www.abarzuza.es\/eu\/wp-json\/wp\/v2\/categories?post=9175"},{"taxonomy":"post_tag","embeddable":true,"href":"https:\/\/www.abarzuza.es\/eu\/wp-json\/wp\/v2\/tags?post=9175"}],"curies":[{"name":"wp","href":"https:\/\/api.w.org\/{rel}","templated":true}]}}